{"id":728,"__str__":"Projeto de Lei Ordin\u00e1ria n\u00ba 1 de 2023","link_detail_backend":"/materia/728","metadata":{},"numero":1,"ano":2023,"numero_protocolo":null,"data_apresentacao":"2023-01-19","tipo_apresentacao":"E","data_publicacao":null,"numero_origem_externa":"","ano_origem_externa":null,"data_origem_externa":null,"apelido":"","dias_prazo":null,"data_fim_prazo":null,"em_tramitacao":false,"polemica":false,"objeto":"","complementar":false,"ementa":"Institui o programa \"Meu est\u00e1gio, experi\u00eancia \u00e9 fundamental\" e revoga a Lei N\u00ba 1.297 de 28 de Mar\u00e7o de 2018 e a Lei de N\u00ba 1.512 de 02 de Fevereiro de 2021, e d\u00e1 outras provid\u00eancias.","indexacao":"","observacao":"","resultado":"","texto_original":"http://sapl.iraucuba.ce.leg.br/media/sapl/public/materialegislativa/2023/728/-_pl_no_01_2023_-_poder_executivo.pdf","data_ultima_atualizacao":"2023-08-02T10:33:19.284970-03:00","ip":"177.184.135.230","ultima_edicao":"2023-01-19T11:27:36.113714-03:00","tipo":3,"regime_tramitacao":1,"tipo_origem_externa":null,"local_origem_externa":null,"user":3,"anexadas":[],"autores":[16]}