{"id":751,"__str__":"Requerimento n\u00ba 9 de 2023","link_detail_backend":"/materia/751","metadata":{},"numero":9,"ano":2023,"numero_protocolo":null,"data_apresentacao":"2023-02-01","tipo_apresentacao":"E","data_publicacao":null,"numero_origem_externa":"","ano_origem_externa":null,"data_origem_externa":null,"apelido":"","dias_prazo":null,"data_fim_prazo":null,"em_tramitacao":false,"polemica":false,"objeto":"","complementar":false,"ementa":"Requer a desmobiliza\u00e7\u00e3o de transporte para alunos que ir\u00e3o iniciar a faculdade em Itapipoca.","indexacao":"","observacao":"","resultado":"","texto_original":null,"data_ultima_atualizacao":"2023-08-02T10:35:10.839128-03:00","ip":"189.84.125.65","ultima_edicao":"2023-02-16T10:39:12.285587-03:00","tipo":11,"regime_tramitacao":1,"tipo_origem_externa":null,"local_origem_externa":null,"user":3,"anexadas":[],"autores":[15]}