{"id":933,"__str__":"Requerimento n\u00ba 164 de 2023","link_detail_backend":"/materia/933","metadata":{},"numero":164,"ano":2023,"numero_protocolo":null,"data_apresentacao":"2023-08-18","tipo_apresentacao":"E","data_publicacao":null,"numero_origem_externa":"","ano_origem_externa":null,"data_origem_externa":null,"apelido":"","dias_prazo":null,"data_fim_prazo":null,"em_tramitacao":true,"polemica":false,"objeto":"","complementar":false,"ementa":"Requerer um festival de violeiros, repentistas, pois \u00e9 algo muito cultural em nosso munic\u00edpio, e o povo irau\u00e7ubense tem um apre\u00e7o muito grande pela viola, repente e cantoria, ent\u00e3o, \u00e9 de suma import\u00e2ncia que pud\u00e9ssemos resgatar essa nossa cultura, valorizando os artistas irau\u00e7ubenses.","indexacao":"","observacao":"","resultado":"","texto_original":"http://sapl.iraucuba.ce.leg.br/media/sapl/public/materialegislativa/2023/933/requerimento_verbal_no_164_2023.pdf","data_ultima_atualizacao":"2023-09-19T12:12:39.822239-03:00","ip":"189.127.33.171","ultima_edicao":"2023-09-19T11:50:05.568393-03:00","tipo":11,"regime_tramitacao":1,"tipo_origem_externa":null,"local_origem_externa":null,"user":3,"anexadas":[],"autores":[]}