{"id":937,"__str__":"Requerimento n\u00ba 168 de 2023","link_detail_backend":"/materia/937","metadata":{},"numero":168,"ano":2023,"numero_protocolo":0,"data_apresentacao":"2023-08-18","tipo_apresentacao":"E","data_publicacao":null,"numero_origem_externa":"","ano_origem_externa":null,"data_origem_externa":null,"apelido":"","dias_prazo":null,"data_fim_prazo":null,"em_tramitacao":true,"polemica":false,"objeto":"","complementar":false,"ementa":"Requer que veja a possibilidade de colocar algu\u00e9m respons\u00e1vel pela limpeza dos banheiros p\u00fablicos do galp\u00e3o da feira, pois muitas pessoas fazem o uso desse material, muitas dessas pessoas, s\u00e3o moradores de rua, portanto, \u00e9 de suma import\u00e2ncia que esses banheiros fossem limpos e higienizados para um melhor uso dos cidad\u00e3os, da forma que indica.","indexacao":"","observacao":"","resultado":"","texto_original":"http://sapl.iraucuba.ce.leg.br/media/sapl/public/materialegislativa/2023/937/requerimento_verbal_no_168_2023_1.pdf","data_ultima_atualizacao":"2023-09-21T11:40:14.541816-03:00","ip":"189.84.125.65","ultima_edicao":"2023-09-21T11:40:13.129295-03:00","tipo":11,"regime_tramitacao":1,"tipo_origem_externa":null,"local_origem_externa":null,"user":3,"anexadas":[],"autores":[14]}